{"id":4152,"date":"2023-08-30T09:51:47","date_gmt":"2023-08-30T07:51:47","guid":{"rendered":"https:\/\/www.schlosspassage.com\/gruenwald-lights-up-2023\/"},"modified":"2023-10-10T18:30:43","modified_gmt":"2023-10-10T16:30:43","slug":"gruenwald-leuchtet-2023","status":"publish","type":"post","link":"https:\/\/www.schlosspassage.com\/en\/gruenwald-leuchtet-2023\/","title":{"rendered":"Gr\u00fcnwald leuchtet 2023"},"content":{"rendered":"<p>On September 13, it&#8217;s called again, Gr\u00fcnwald leuchtet!<\/p>\n<p>This year, for the seventh time, the Gr\u00fcnwalde Trade Association is organizing the legendary Festival of Lights on Luitpoldweg. The light installations around the street festival will again be able to create great excitement. There is the festively set white long table with stands of the tradesmen in Gr\u00fcnwald. Here our guests can enjoy culinary delights and the musical stars and interludes while socializing. This year we have Benny Gast and the Bernhard Ulrich Swing Quartet visiting us!<\/p>\n<p>We start from 16:00 at the 80 m long table and look forward to every visitor big and small!<\/p>\n<p>The alternate date would be September 14, but if it rains on that day as well, the date will be cancelled without replacement.<\/p>\n<p style=\"text-align: left;\">If you also run a business and would like to become a member of the trade association, register right here:<\/p>\n<h3 style=\"text-align: center;\"><a href=\"https:\/\/www.gruenwalder-gewerbeverband.de\/\">CLICK HERE TO REGISTER<\/a><\/h3>\n<div class=\"elementor-element elementor-element-f4ff297 elementor-widget elementor-widget-text-editor\" data-id=\"f4ff297\" data-element_type=\"widget\" data-widget_type=\"text-editor.default\">\n<div class=\"elementor-widget-container\">\n<p>Stay informed via our social media channel on Facebook and Instagram.<\/p>\n<p>&nbsp;<\/p>\n<\/div>\n<\/div>\n<div class=\"elementor-element elementor-element-03f986c elementor-widget elementor-widget-spacer\" data-id=\"03f986c\" data-element_type=\"widget\" data-widget_type=\"spacer.default\">\n<div class=\"elementor-widget-container\">\n<div class=\"elementor-spacer\"><\/div>\n<\/div>\n<\/div>\n","protected":false},"excerpt":{"rendered":"<p>GR\u00dcNWLAD LEUCHTET will take place again after the summer vacations on September 13 from 6:00 p.m. along the Luitpoldweg in Gr\u00fcnwald. Alternate date is the September 14.<\/p>\n","protected":false},"author":2,"featured_media":4103,"comment_status":"closed","ping_status":"closed","sticky":false,"template":"","format":"standard","meta":{"footnotes":""},"categories":[42,3],"tags":[],"yoast_head":"<!-- This site is optimized with the Yoast SEO plugin v21.9.1 - https:\/\/yoast.com\/wordpress\/plugins\/seo\/ -->\n<title>Gr\u00fcnwald leuchtet 2023 - SCHLOSSPASSAGE Gr\u00fcnwald<\/title>\n<meta name=\"description\" content=\"GR\u00dcNWLAD LEUCHTET will take place again after the summer vacations on September 13 from 6:00 p.m. along the Luitpoldweg in Gr\u00fcnwald. Alternate date is the September 14.\" \/>\n<meta name=\"robots\" content=\"index, follow, max-snippet:-1, max-image-preview:large, max-video-preview:-1\" \/>\n<link rel=\"canonical\" href=\"https:\/\/www.schlosspassage.com\/en\/gruenwald-leuchtet-2023\/\" \/>\n<meta property=\"og:locale\" content=\"en_US\" \/>\n<meta property=\"og:type\" content=\"article\" \/>\n<meta property=\"og:title\" content=\"Gr\u00fcnwald leuchtet 2023 - SCHLOSSPASSAGE Gr\u00fcnwald\" \/>\n<meta property=\"og:description\" content=\"GR\u00dcNWLAD LEUCHTET will take place again after the summer vacations on September 13 from 6:00 p.m. along the Luitpoldweg in Gr\u00fcnwald. Alternate date is the September 14.\" \/>\n<meta property=\"og:url\" content=\"https:\/\/www.schlosspassage.com\/en\/gruenwald-leuchtet-2023\/\" \/>\n<meta property=\"og:site_name\" content=\"SCHLOSSPASSAGE Gr\u00fcnwald\" \/>\n<meta property=\"article:published_time\" content=\"2023-08-30T07:51:47+00:00\" \/>\n<meta property=\"article:modified_time\" content=\"2023-10-10T16:30:43+00:00\" \/>\n<meta property=\"og:image\" content=\"https:\/\/www.schlosspassage.com\/wp-content\/uploads\/Webbanner_genusspassage-scaled.jpg\" \/>\n\t<meta property=\"og:image:width\" content=\"2560\" \/>\n\t<meta property=\"og:image:height\" content=\"1484\" \/>\n\t<meta property=\"og:image:type\" content=\"image\/jpeg\" \/>\n<meta name=\"author\" content=\"Julia\" \/>\n<meta name=\"twitter:card\" content=\"summary_large_image\" \/>\n<meta name=\"twitter:label1\" content=\"Written by\" \/>\n\t<meta name=\"twitter:data1\" content=\"Julia\" \/>\n\t<meta name=\"twitter:label2\" content=\"Est. reading time\" \/>\n\t<meta name=\"twitter:data2\" content=\"1 minute\" \/>\n<script type=\"application\/ld+json\" class=\"yoast-schema-graph\">{\"@context\":\"https:\/\/schema.org\",\"@graph\":[{\"@type\":\"WebPage\",\"@id\":\"https:\/\/www.schlosspassage.com\/en\/gruenwald-leuchtet-2023\/\",\"url\":\"https:\/\/www.schlosspassage.com\/en\/gruenwald-leuchtet-2023\/\",\"name\":\"Gr\u00fcnwald leuchtet 2023 - SCHLOSSPASSAGE Gr\u00fcnwald\",\"isPartOf\":{\"@id\":\"https:\/\/www.schlosspassage.com\/#website\"},\"datePublished\":\"2023-08-30T07:51:47+00:00\",\"dateModified\":\"2023-10-10T16:30:43+00:00\",\"author\":{\"@id\":\"https:\/\/www.schlosspassage.com\/#\/schema\/person\/802048e26747bebec5d01d63799c787e\"},\"description\":\"GR\u00dcNWLAD LEUCHTET will take place again after the summer vacations on September 13 from 6:00 p.m. along the Luitpoldweg in Gr\u00fcnwald. Alternate date is the September 14.\",\"breadcrumb\":{\"@id\":\"https:\/\/www.schlosspassage.com\/en\/gruenwald-leuchtet-2023\/#breadcrumb\"},\"inLanguage\":\"en-US\",\"potentialAction\":[{\"@type\":\"ReadAction\",\"target\":[\"https:\/\/www.schlosspassage.com\/en\/gruenwald-leuchtet-2023\/\"]}]},{\"@type\":\"BreadcrumbList\",\"@id\":\"https:\/\/www.schlosspassage.com\/en\/gruenwald-leuchtet-2023\/#breadcrumb\",\"itemListElement\":[{\"@type\":\"ListItem\",\"position\":1,\"name\":\"Startseite\",\"item\":\"https:\/\/www.schlosspassage.com\/en\/\"},{\"@type\":\"ListItem\",\"position\":2,\"name\":\"Gr\u00fcnwald leuchtet 2023\"}]},{\"@type\":\"WebSite\",\"@id\":\"https:\/\/www.schlosspassage.com\/#website\",\"url\":\"https:\/\/www.schlosspassage.com\/\",\"name\":\"SCHLOSSPASSAGE Gr\u00fcnwald\",\"description\":\"\",\"potentialAction\":[{\"@type\":\"SearchAction\",\"target\":{\"@type\":\"EntryPoint\",\"urlTemplate\":\"https:\/\/www.schlosspassage.com\/?s={search_term_string}\"},\"query-input\":\"required name=search_term_string\"}],\"inLanguage\":\"en-US\"},{\"@type\":\"Person\",\"@id\":\"https:\/\/www.schlosspassage.com\/#\/schema\/person\/802048e26747bebec5d01d63799c787e\",\"name\":\"Julia\",\"image\":{\"@type\":\"ImageObject\",\"inLanguage\":\"en-US\",\"@id\":\"https:\/\/www.schlosspassage.com\/#\/schema\/person\/image\/\",\"url\":\"https:\/\/secure.gravatar.com\/avatar\/15a3f7662e2c5f9ed4e89fe545921ede?s=96&d=mm&r=g\",\"contentUrl\":\"https:\/\/secure.gravatar.com\/avatar\/15a3f7662e2c5f9ed4e89fe545921ede?s=96&d=mm&r=g\",\"caption\":\"Julia\"}}]}<\/script>\n<!-- \/ Yoast SEO plugin. -->","yoast_head_json":{"title":"Gr\u00fcnwald leuchtet 2023 - SCHLOSSPASSAGE Gr\u00fcnwald","description":"GR\u00dcNWLAD LEUCHTET will take place again after the summer vacations on September 13 from 6:00 p.m. along the Luitpoldweg in Gr\u00fcnwald. Alternate date is the September 14.","robots":{"index":"index","follow":"follow","max-snippet":"max-snippet:-1","max-image-preview":"max-image-preview:large","max-video-preview":"max-video-preview:-1"},"canonical":"https:\/\/www.schlosspassage.com\/en\/gruenwald-leuchtet-2023\/","og_locale":"en_US","og_type":"article","og_title":"Gr\u00fcnwald leuchtet 2023 - SCHLOSSPASSAGE Gr\u00fcnwald","og_description":"GR\u00dcNWLAD LEUCHTET will take place again after the summer vacations on September 13 from 6:00 p.m. along the Luitpoldweg in Gr\u00fcnwald. Alternate date is the September 14.","og_url":"https:\/\/www.schlosspassage.com\/en\/gruenwald-leuchtet-2023\/","og_site_name":"SCHLOSSPASSAGE Gr\u00fcnwald","article_published_time":"2023-08-30T07:51:47+00:00","article_modified_time":"2023-10-10T16:30:43+00:00","og_image":[{"width":2560,"height":1484,"url":"https:\/\/www.schlosspassage.com\/wp-content\/uploads\/Webbanner_genusspassage-scaled.jpg","type":"image\/jpeg"}],"author":"Julia","twitter_card":"summary_large_image","twitter_misc":{"Written by":"Julia","Est. reading time":"1 minute"},"schema":{"@context":"https:\/\/schema.org","@graph":[{"@type":"WebPage","@id":"https:\/\/www.schlosspassage.com\/en\/gruenwald-leuchtet-2023\/","url":"https:\/\/www.schlosspassage.com\/en\/gruenwald-leuchtet-2023\/","name":"Gr\u00fcnwald leuchtet 2023 - SCHLOSSPASSAGE Gr\u00fcnwald","isPartOf":{"@id":"https:\/\/www.schlosspassage.com\/#website"},"datePublished":"2023-08-30T07:51:47+00:00","dateModified":"2023-10-10T16:30:43+00:00","author":{"@id":"https:\/\/www.schlosspassage.com\/#\/schema\/person\/802048e26747bebec5d01d63799c787e"},"description":"GR\u00dcNWLAD LEUCHTET will take place again after the summer vacations on September 13 from 6:00 p.m. along the Luitpoldweg in Gr\u00fcnwald. Alternate date is the September 14.","breadcrumb":{"@id":"https:\/\/www.schlosspassage.com\/en\/gruenwald-leuchtet-2023\/#breadcrumb"},"inLanguage":"en-US","potentialAction":[{"@type":"ReadAction","target":["https:\/\/www.schlosspassage.com\/en\/gruenwald-leuchtet-2023\/"]}]},{"@type":"BreadcrumbList","@id":"https:\/\/www.schlosspassage.com\/en\/gruenwald-leuchtet-2023\/#breadcrumb","itemListElement":[{"@type":"ListItem","position":1,"name":"Startseite","item":"https:\/\/www.schlosspassage.com\/en\/"},{"@type":"ListItem","position":2,"name":"Gr\u00fcnwald leuchtet 2023"}]},{"@type":"WebSite","@id":"https:\/\/www.schlosspassage.com\/#website","url":"https:\/\/www.schlosspassage.com\/","name":"SCHLOSSPASSAGE Gr\u00fcnwald","description":"","potentialAction":[{"@type":"SearchAction","target":{"@type":"EntryPoint","urlTemplate":"https:\/\/www.schlosspassage.com\/?s={search_term_string}"},"query-input":"required name=search_term_string"}],"inLanguage":"en-US"},{"@type":"Person","@id":"https:\/\/www.schlosspassage.com\/#\/schema\/person\/802048e26747bebec5d01d63799c787e","name":"Julia","image":{"@type":"ImageObject","inLanguage":"en-US","@id":"https:\/\/www.schlosspassage.com\/#\/schema\/person\/image\/","url":"https:\/\/secure.gravatar.com\/avatar\/15a3f7662e2c5f9ed4e89fe545921ede?s=96&d=mm&r=g","contentUrl":"https:\/\/secure.gravatar.com\/avatar\/15a3f7662e2c5f9ed4e89fe545921ede?s=96&d=mm&r=g","caption":"Julia"}}]}},"_links":{"self":[{"href":"https:\/\/www.schlosspassage.com\/en\/wp-json\/wp\/v2\/posts\/4152"}],"collection":[{"href":"https:\/\/www.schlosspassage.com\/en\/wp-json\/wp\/v2\/posts"}],"about":[{"href":"https:\/\/www.schlosspassage.com\/en\/wp-json\/wp\/v2\/types\/post"}],"author":[{"embeddable":true,"href":"https:\/\/www.schlosspassage.com\/en\/wp-json\/wp\/v2\/users\/2"}],"replies":[{"embeddable":true,"href":"https:\/\/www.schlosspassage.com\/en\/wp-json\/wp\/v2\/comments?post=4152"}],"version-history":[{"count":2,"href":"https:\/\/www.schlosspassage.com\/en\/wp-json\/wp\/v2\/posts\/4152\/revisions"}],"predecessor-version":[{"id":5655,"href":"https:\/\/www.schlosspassage.com\/en\/wp-json\/wp\/v2\/posts\/4152\/revisions\/5655"}],"wp:featuredmedia":[{"embeddable":true,"href":"https:\/\/www.schlosspassage.com\/en\/wp-json\/wp\/v2\/media\/4103"}],"wp:attachment":[{"href":"https:\/\/www.schlosspassage.com\/en\/wp-json\/wp\/v2\/media?parent=4152"}],"wp:term":[{"taxonomy":"category","embeddable":true,"href":"https:\/\/www.schlosspassage.com\/en\/wp-json\/wp\/v2\/categories?post=4152"},{"taxonomy":"post_tag","embeddable":true,"href":"https:\/\/www.schlosspassage.com\/en\/wp-json\/wp\/v2\/tags?post=4152"}],"curies":[{"name":"wp","href":"https:\/\/api.w.org\/{rel}","templated":true}]}}